{"id":457,"date":"2021-12-10T09:45:40","date_gmt":"2021-12-10T12:45:40","guid":{"rendered":"https:\/\/ceneca.cl\/wp\/lorem-ipsum-3\/"},"modified":"2023-06-02T17:38:19","modified_gmt":"2023-06-02T20:38:19","slug":"la-memoria-del-agua","status":"publish","type":"post","link":"https:\/\/ceneca.cl\/wp\/la-memoria-del-agua\/","title":{"rendered":"LA MEMORIA DEL AGUA"},"content":{"rendered":"\n<div class=\"wp-block-columns is-layout-flex wp-container-core-columns-is-layout-28f84493 wp-block-columns-is-layout-flex\">\n<div class=\"wp-block-column has-small-font-size is-layout-flow wp-block-column-is-layout-flow\">\n<pre id=\"block-8b4d65d8-4c7d-4447-afda-7ef1c8ab087c\" class=\"wp-block-preformatted has-inter-font-family has-small-font-size\">Direcci\u00f3n\n<strong>Mat\u00edas Bize<\/strong><\/pre>\n<\/div>\n\n\n\n<div class=\"wp-block-column has-small-font-size is-layout-flow wp-block-column-is-layout-flow\">\n<pre class=\"wp-block-preformatted has-inter-font-family\">A\u00f1o\n<strong>2015<\/strong>\n<\/pre>\n<\/div>\n<\/div>\n\n\n\n<hr class=\"wp-block-separator has-alpha-channel-opacity is-style-wide\"\/>\n\n\n\n<p>\u00abLa Memoria del Agua\u201d es la historia de amor de una joven pareja que tras la muerte de su hijo lucha por mantener su relaci\u00f3n. Este inmenso dolor los ha fracturado como pareja y a pesar de lo mucho que se quieren, no pueden sobreponerse a la inmensa p\u00e9rdida. Asistimos a la sutil construcci\u00f3n de sus nuevas vidas, y observamos sus movimientos por olvidar lo que fueron como pareja. Pero la posibilidad de un nuevo reencuentro aparece y ellos saben que esa decisi\u00f3n podr\u00e1 cambiar el sentido de sus vidas para siempre.<\/p>\n\n\n\n<hr class=\"wp-block-separator has-alpha-channel-opacity is-style-wide\"\/>\n\n\n\n<figure class=\"wp-block-video\"><video height=\"1080\" style=\"aspect-ratio: 1920 \/ 1080;\" width=\"1920\" controls poster=\"https:\/\/ceneca.cl\/wp\/wp-content\/uploads\/2021\/12\/3680579.jpeg\" src=\"https:\/\/ceneca.cl\/wp\/wp-content\/uploads\/2023\/06\/La-memoria-del-agua-trailer.mp4\"><\/video><\/figure>\n\n\n\n<figure class=\"wp-block-image size-large\"><img loading=\"lazy\" decoding=\"async\" width=\"691\" height=\"1024\" src=\"https:\/\/ceneca.cl\/wp\/wp-content\/uploads\/2023\/06\/074204-691x1024.jpg\" alt=\"\" class=\"wp-image-685\" srcset=\"https:\/\/ceneca.cl\/wp\/wp-content\/uploads\/2023\/06\/074204-691x1024.jpg 691w, https:\/\/ceneca.cl\/wp\/wp-content\/uploads\/2023\/06\/074204-203x300.jpg 203w, https:\/\/ceneca.cl\/wp\/wp-content\/uploads\/2023\/06\/074204-768x1138.jpg 768w, https:\/\/ceneca.cl\/wp\/wp-content\/uploads\/2023\/06\/074204-1037x1536.jpg 1037w, https:\/\/ceneca.cl\/wp\/wp-content\/uploads\/2023\/06\/074204.jpg 1080w\" sizes=\"auto, (max-width: 691px) 100vw, 691px\" \/><\/figure>\n","protected":false},"excerpt":{"rendered":"<p>Direcci\u00f3n Mat\u00edas Bize A\u00f1o 2015 \u00abLa Memoria del Agua\u201d es la historia de amor de una joven pareja que tras la muerte de su hijo lucha por mantener su relaci\u00f3n. Este inmenso dolor los ha fracturado como pareja y a pesar de lo mucho que se quieren, no pueden sobreponerse a la inmensa p\u00e9rdida. Asistimos [&hellip;]<\/p>\n","protected":false},"author":1,"featured_media":734,"comment_status":"closed","ping_status":"closed","sticky":false,"template":"","format":"standard","meta":{"footnotes":""},"categories":[1],"tags":[],"class_list":["post-457","post","type-post","status-publish","format-standard","has-post-thumbnail","hentry","category-uncategorized"],"_links":{"self":[{"href":"https:\/\/ceneca.cl\/wp\/wp-json\/wp\/v2\/posts\/457","targetHints":{"allow":["GET"]}}],"collection":[{"href":"https:\/\/ceneca.cl\/wp\/wp-json\/wp\/v2\/posts"}],"about":[{"href":"https:\/\/ceneca.cl\/wp\/wp-json\/wp\/v2\/types\/post"}],"author":[{"embeddable":true,"href":"https:\/\/ceneca.cl\/wp\/wp-json\/wp\/v2\/users\/1"}],"replies":[{"embeddable":true,"href":"https:\/\/ceneca.cl\/wp\/wp-json\/wp\/v2\/comments?post=457"}],"version-history":[{"count":8,"href":"https:\/\/ceneca.cl\/wp\/wp-json\/wp\/v2\/posts\/457\/revisions"}],"predecessor-version":[{"id":828,"href":"https:\/\/ceneca.cl\/wp\/wp-json\/wp\/v2\/posts\/457\/revisions\/828"}],"wp:featuredmedia":[{"embeddable":true,"href":"https:\/\/ceneca.cl\/wp\/wp-json\/wp\/v2\/media\/734"}],"wp:attachment":[{"href":"https:\/\/ceneca.cl\/wp\/wp-json\/wp\/v2\/media?parent=457"}],"wp:term":[{"taxonomy":"category","embeddable":true,"href":"https:\/\/ceneca.cl\/wp\/wp-json\/wp\/v2\/categories?post=457"},{"taxonomy":"post_tag","embeddable":true,"href":"https:\/\/ceneca.cl\/wp\/wp-json\/wp\/v2\/tags?post=457"}],"curies":[{"name":"wp","href":"https:\/\/api.w.org\/{rel}","templated":true}]}}